{"id":2293,"date":"2013-06-03T21:26:45","date_gmt":"2013-06-04T00:26:45","guid":{"rendered":"http:\/\/sheilahughmackay.com\/shmf\/?p=2293"},"modified":"2013-06-03T21:26:45","modified_gmt":"2013-06-04T00:26:45","slug":"landry-to-moderate-curse-or-cache","status":"publish","type":"post","link":"https:\/\/sheilahughmackay.ca\/fr\/2013\/06\/03\/landry-presidera-le-charisme-ou-calamite\/","title":{"rendered":"Landry to moderate Curse or Cach\u00e9"},"content":{"rendered":"<p><\/p>\n<h2>R\u00e9dacteur du Salon, Michael Landry, pr\u00e9sidera le \u00abLe r\u00e9gionalisme dans l\u2019art canadien: charisme ou calamit\u00e9\u00bb<\/h2>\n<p><a href=\"http:\/\/lh6.ggpht.com\/-XfGdkPtXFdU\/UaTkMh6rM2I\/AAAAAAAABTA\/_8EcFiTZIJo\/s0\/SJ-Map.jpg\" link=\"https:\/\/picasaweb.google.com\/100418093315009242357\/Symposium2013?authkey=Gv1sRgCOLIt6zlwtCwIg#5883077917166744418\" title=\"East of There: Saint John 2013\" class=\"photoswipe\" rel=\"69edcac9b475c\" ><img src=\"http:\/\/lh6.ggpht.com\/-XfGdkPtXFdU\/UaTkMh6rM2I\/AAAAAAAABTA\/_8EcFiTZIJo\/w240-o\/SJ-Map.jpg\" alt=\"SJ-Map.jpg\" title=\"East of There: Saint John 2013\" class=\"alignleft pe2-photo\"  \/><\/a>Durant le <a title=\"Forum Jack Weldon Humphrey\" href=\"http:\/\/sheilahughmackay.ca\/\/fr\/projets-speciaux\/symposia\/forum-jack-weldon-humphrey\/\">Jack Weldon Humphrey Forum<\/a>, Michael Landry invitera bon nombre d\u2019experts nationaux \u00e0 d\u00e9battre la question sur la nature de l\u2019art contemporain du Canada.<\/p>\n<p>M. Landry amorcera la discussion par une d\u00e9claration provocatrice: \u00abApr\u00e8s 40 ann\u00e9es, la grande promesse de r\u00e9gionalisme pour trouver le Canada au sein de notre panoplie d\u2019identit\u00e9s limit\u00e9es ne s\u2019est toujours pas r\u00e9alis\u00e9e. D\u00e9crire une personne comme \u00abartiste r\u00e9gional\u00bb est devenue une insulte maintenant, sugg\u00e9rant ainsi une incapacit\u00e9 \u00e0 passer outre le contexte g\u00e9ographique. Que s\u2019est-il donc pass\u00e9? Faudrait-il recommencer \u00e0 z\u00e9ro? Ou r\u00e9gionalisme d\u00e9tient-il toujours le secret de ce que l\u2019on nomme art canadien?\u00bb<\/p>\n<p>Joignez-vous \u00e0 lui le 21 juin au Mus\u00e9e du Nouveau-Brunswick afin d\u2019explorer les possibilit\u00e9s avec L\u00e9opold F. Foulem, J.J. Kegan McFadden,Amish Morrell et Anne Bertrand.<\/p>","protected":false},"excerpt":{"rendered":"<p>R\u00e9dacteur du Salon, Michael Landry, pr\u00e9sidera le \u00abLe r\u00e9gionalisme dans l\u2019art canadien: charisme ou calamit\u00e9\u00bb Durant le Jack Weldon Humphrey Forum, Michael Landry invitera bon nombre d\u2019experts nationaux \u00e0 d\u00e9battre la question sur la nature de l\u2019art contemporain du Canada. M. Landry amorcera la discussion par une d\u00e9claration provocatrice: \u00abApr\u00e8s 40 ann\u00e9es, la grande promesse<a href=\"https:\/\/sheilahughmackay.ca\/fr\/2013\/06\/03\/landry-presidera-le-charisme-ou-calamite\/\">[&#8230;]<\/a><\/p>\n","protected":false},"author":1,"featured_media":0,"comment_status":"closed","ping_status":"closed","sticky":false,"template":"","format":"standard","meta":[],"categories":[25,74,18,19,44],"tags":[],"_links":{"self":[{"href":"https:\/\/sheilahughmackay.ca\/fr\/wp-json\/wp\/v2\/posts\/2293"}],"collection":[{"href":"https:\/\/sheilahughmackay.ca\/fr\/wp-json\/wp\/v2\/posts"}],"about":[{"href":"https:\/\/sheilahughmackay.ca\/fr\/wp-json\/wp\/v2\/types\/post"}],"author":[{"embeddable":true,"href":"https:\/\/sheilahughmackay.ca\/fr\/wp-json\/wp\/v2\/users\/1"}],"replies":[{"embeddable":true,"href":"https:\/\/sheilahughmackay.ca\/fr\/wp-json\/wp\/v2\/comments?post=2293"}],"version-history":[{"count":0,"href":"https:\/\/sheilahughmackay.ca\/fr\/wp-json\/wp\/v2\/posts\/2293\/revisions"}],"wp:attachment":[{"href":"https:\/\/sheilahughmackay.ca\/fr\/wp-json\/wp\/v2\/media?parent=2293"}],"wp:term":[{"taxonomy":"category","embeddable":true,"href":"https:\/\/sheilahughmackay.ca\/fr\/wp-json\/wp\/v2\/categories?post=2293"},{"taxonomy":"post_tag","embeddable":true,"href":"https:\/\/sheilahughmackay.ca\/fr\/wp-json\/wp\/v2\/tags?post=2293"}],"curies":[{"name":"wp","href":"https:\/\/api.w.org\/{rel}","templated":true}]}}