{"id":2643,"date":"2014-04-01T19:43:10","date_gmt":"2014-04-01T22:43:10","guid":{"rendered":"http:\/\/sheilahughmackay.com\/shmf\/?p=2643"},"modified":"2014-04-01T19:43:10","modified_gmt":"2014-04-01T22:43:10","slug":"2643","status":"publish","type":"post","link":"https:\/\/sheilahughmackay.ca\/fr\/2014\/04\/01\/merci-jures\/","title":{"rendered":"Thank you to our Jurors"},"content":{"rendered":"<p><\/p>\n<h2>La Fondation Sheila Hugh MacKay a \u00e0 c\u0153ur de fournir un processus d\u2019arbitrage autonome pour tous les prix et bourses.<\/h2>\n<a href=\"http:\/\/lh5.ggpht.com\/-k_9igRq2gPM\/T2KuNH1etsI\/AAAAAAAAA6s\/gttVo0gIlFw\/s0\/14_JaredPeters_bison_2011.jpg\" link=\"https:\/\/picasaweb.google.com\/100418093315009242357\/Peters?authkey=Gv1sRgCOWw3var1LKK-AE#5720326017178842818\" title=\"Bison, 2011; Jared Peters\" class=\"photoswipe\" rel=\"69f286950b7a7\" ><img src=\"http:\/\/lh5.ggpht.com\/-k_9igRq2gPM\/T2KuNH1etsI\/AAAAAAAAA6s\/gttVo0gIlFw\/w300-o\/14_JaredPeters_bison_2011.jpg\" alt=\"14_JaredPeters_bison_2011.jpg\" title=\"Bison, 2011; Jared Peters\" class=\"alignleft pe2-photo\"  \/><\/a>\n<p>Sans le soutien g\u00e9n\u00e9reux de bon nombre de professionnels artistiques, cela ne serait pas possible. Leur d\u00e9vouement \u00e0 la promotion de l\u2019excellence dans le domaine des arts visuels est au c\u0153ur de notre programme de bourses.<\/p>\n<p>Nous souhaitons exprimer notre reconnaissance aux personnes ci-dessous qui ont donn\u00e9 temps et expertise au Programme des bourses 2014 :<\/p>\n<ul>\n<li>Mario Doucette<\/li>\n<li>Peter Dykhuis<\/li>\n<li>Elizabeth Grant<\/li>\n<li>Peter Larocque<\/li>\n<li>Theresa MacKnight<\/li>\n<li>Jennifer Pazienza<\/li>\n<\/ul>\n<p><\/p>","protected":false},"excerpt":{"rendered":"<p>La Fondation Sheila Hugh MacKay a \u00e0 c\u0153ur de fournir un processus d\u2019arbitrage autonome pour tous les prix et bourses. Sans le soutien g\u00e9n\u00e9reux de bon nombre de professionnels artistiques, cela ne serait pas possible. Leur d\u00e9vouement \u00e0 la promotion de l\u2019excellence dans le domaine des arts visuels est au c\u0153ur de notre programme de<a href=\"https:\/\/sheilahughmackay.ca\/fr\/2014\/04\/01\/merci-jures\/\">[&#8230;]<\/a><\/p>\n","protected":false},"author":1,"featured_media":0,"comment_status":"closed","ping_status":"closed","sticky":false,"template":"","format":"standard","meta":[],"categories":[16,18,19,28],"tags":[],"_links":{"self":[{"href":"https:\/\/sheilahughmackay.ca\/fr\/wp-json\/wp\/v2\/posts\/2643"}],"collection":[{"href":"https:\/\/sheilahughmackay.ca\/fr\/wp-json\/wp\/v2\/posts"}],"about":[{"href":"https:\/\/sheilahughmackay.ca\/fr\/wp-json\/wp\/v2\/types\/post"}],"author":[{"embeddable":true,"href":"https:\/\/sheilahughmackay.ca\/fr\/wp-json\/wp\/v2\/users\/1"}],"replies":[{"embeddable":true,"href":"https:\/\/sheilahughmackay.ca\/fr\/wp-json\/wp\/v2\/comments?post=2643"}],"version-history":[{"count":0,"href":"https:\/\/sheilahughmackay.ca\/fr\/wp-json\/wp\/v2\/posts\/2643\/revisions"}],"wp:attachment":[{"href":"https:\/\/sheilahughmackay.ca\/fr\/wp-json\/wp\/v2\/media?parent=2643"}],"wp:term":[{"taxonomy":"category","embeddable":true,"href":"https:\/\/sheilahughmackay.ca\/fr\/wp-json\/wp\/v2\/categories?post=2643"},{"taxonomy":"post_tag","embeddable":true,"href":"https:\/\/sheilahughmackay.ca\/fr\/wp-json\/wp\/v2\/tags?post=2643"}],"curies":[{"name":"wp","href":"https:\/\/api.w.org\/{rel}","templated":true}]}}