{"id":7179,"date":"2020-11-20T13:06:56","date_gmt":"2020-11-20T17:06:56","guid":{"rendered":"https:\/\/sheilahughmackay.ca\/?p=7179"},"modified":"2020-11-20T13:37:20","modified_gmt":"2020-11-20T17:37:20","slug":"20000-signature-grant-awarded-to-textile-museum-of-canada","status":"publish","type":"post","link":"https:\/\/sheilahughmackay.ca\/fr\/2020\/11\/20\/subvention-de-20000-au-musee-du-textile-du-canada\/","title":{"rendered":"Subvention de 20\u2009000 $ au Mus\u00e9e du textile du Canada"},"content":{"rendered":"<p><div id=\"attachment_7180\" style=\"width: 336px\" class=\"wp-caption alignleft\"><a href=\"https:\/\/sheilahughmackay.ca\/wp-content\/uploads\/2020\/11\/anna_torma_fight_2.jpg\" target=\"_blank\" rel=\"noopener noreferrer\"><img aria-describedby=\"caption-attachment-7180\" loading=\"lazy\" class=\"wp-image-7180\" src=\"https:\/\/sheilahughmackay.ca\/wp-content\/uploads\/2020\/11\/anna_torma_fight_2-360x293.jpg\" alt=\"\" width=\"326\" height=\"265\" srcset=\"https:\/\/sheilahughmackay.ca\/wp-content\/uploads\/2020\/11\/anna_torma_fight_2-360x293.jpg 360w, https:\/\/sheilahughmackay.ca\/wp-content\/uploads\/2020\/11\/anna_torma_fight_2-768x625.jpg 768w, https:\/\/sheilahughmackay.ca\/wp-content\/uploads\/2020\/11\/anna_torma_fight_2.jpg 871w\" sizes=\"(max-width: 326px) 100vw, 326px\" \/><\/a><p id=\"caption-attachment-7180\" class=\"wp-caption-text\">Fight 2 (2018)<\/p><\/div><\/p>\n<div id=\"attachment_7183\" style=\"width: 440px\" class=\"wp-caption alignleft\"><a href=\"https:\/\/sheilahughmackay.ca\/wp-content\/uploads\/2020\/11\/anna_torma_dionysia.jpg\" target=\"_blank\" rel=\"noopener noreferrer\"><img aria-describedby=\"caption-attachment-7183\" loading=\"lazy\" class=\"wp-image-7183\" src=\"https:\/\/sheilahughmackay.ca\/wp-content\/uploads\/2020\/11\/anna_torma_dionysia-360x222.jpg\" alt=\"\" width=\"430\" height=\"265\" srcset=\"https:\/\/sheilahughmackay.ca\/wp-content\/uploads\/2020\/11\/anna_torma_dionysia-360x222.jpg 360w, https:\/\/sheilahughmackay.ca\/wp-content\/uploads\/2020\/11\/anna_torma_dionysia-768x473.jpg 768w, https:\/\/sheilahughmackay.ca\/wp-content\/uploads\/2020\/11\/anna_torma_dionysia.jpg 897w\" sizes=\"(max-width: 430px) 100vw, 430px\" \/><\/a><p id=\"caption-attachment-7183\" class=\"wp-caption-text\">Dionysia (2020)<\/p><\/div>\n<div style=\"clear: both;\"><\/div>\n<div id=\"attachment_7182\" style=\"width: 254px\" class=\"wp-caption alignright\"><a href=\"https:\/\/sheilahughmackay.ca\/wp-content\/uploads\/2020\/11\/anna_torma_permanent_danger_4.jpg\" target=\"_blank\" rel=\"noopener noreferrer\"><img aria-describedby=\"caption-attachment-7182\" loading=\"lazy\" class=\"wp-image-7182 size-medium\" style=\"padding-top: 15px;\" src=\"https:\/\/sheilahughmackay.ca\/wp-content\/uploads\/2020\/11\/anna_torma_permanent_danger_4-244x360.jpg\" alt=\"\" width=\"244\" height=\"360\" srcset=\"https:\/\/sheilahughmackay.ca\/wp-content\/uploads\/2020\/11\/anna_torma_permanent_danger_4-244x360.jpg 244w, https:\/\/sheilahughmackay.ca\/wp-content\/uploads\/2020\/11\/anna_torma_permanent_danger_4.jpg 614w\" sizes=\"(max-width: 244px) 100vw, 244px\" \/><\/a><p id=\"caption-attachment-7182\" class=\"wp-caption-text\">Permanent Danger 4 (2019)<\/p><\/div>\n<p>La Fondation Sheila Hugh MacKay a le plaisir d\u2019annoncer l\u2019octroi d\u2019une subvention de 20\u2009000\u00a0$ au Mus\u00e9e du textile du Canada, pour financer l\u2019exposition itin\u00e9rante nationale d\u2019Anna Torma, <em>Permanent Danger<\/em>, et la publication sur l\u2019\u0153uvre de l\u2019artiste. Cette subvention rend hommage \u00e0 la carri\u00e8re de M<sup>me<\/sup>\u00a0Torma et souligne bien l\u2019importance du discours critique dans les arts visuels. L\u2019exposition sera pr\u00e9sent\u00e9e au Mus\u00e9e du textile du Canada jusqu\u2019au 20 mars 2021.<\/p>\n<p>Laur\u00e9ate du prix Strathbutler en 2008, du Prix d\u2019excellence en arts visuels du lieutenant-gouverneur du Nouveau-Brunswick en 2018 et du Prix du Gouverneur g\u00e9n\u00e9ral en arts visuels et en arts m\u00e9diatiques (Prix Saidye-Bronfman) en 2020, M<sup>me<\/sup>\u00a0Torma poursuit sa d\u00e9marche artistique en r\u00e9alisant des \u0153uvres in\u00e9dites de broderie contemporaine chez elle, dans son studio de Baie Verte, au Nouveau-Brunswick. <em>Permanent Danger<\/em> trouve son origine dans une r\u00e9sidence effectu\u00e9e en Italie et en France, et qui a \u00e9t\u00e9 financ\u00e9e dans le cadre du Programme international de r\u00e9sidence de la Fondation Sheila Hugh MacKay. Cette exposition r\u00e9unit 14 grandes broderies qui, pour la commissaire en chef au Mus\u00e9e du textile du Canada, Sarah Quinton, expriment \u00ab\u00a0toute la complexit\u00e9 des exp\u00e9riences de vie d\u2019Anna Torma\u00a0: sa famille, son parcours d\u2019immigration, ses joies et l\u2019acte cr\u00e9atif.\u00a0\u00bb Une publication en couleurs sur cette exposition nationale majeure sortira en 2021.<\/p>\n<p>La Fondation Sheila Hugh MacKay se f\u00e9licite de parrainer financi\u00e8rement <em>Permanent Danger<\/em>, qui sera accueillie dans diff\u00e9rents lieux culturels, notamment \u00e0 l\u2019Universit\u00e9 de Guelph au printemps 2021 et \u00e0 la galerie d\u2019art Owens de Sackville (N.-B.) \u00e0 l\u2019automne 2021.<\/p>\n<div style=\"clear: both;\"><\/div>\n<div style=\"width: 600px; margin: 0 auto;\">\n<div id=\"attachment_7186\" style=\"width: 294px\" class=\"wp-caption alignleft\"><a href=\"https:\/\/sheilahughmackay.ca\/wp-content\/uploads\/2020\/11\/anna_torma_pedagogical_charts_1.jpg\" target=\"_blank\" rel=\"noopener noreferrer\"><img aria-describedby=\"caption-attachment-7186\" loading=\"lazy\" class=\"wp-image-7186 size-medium\" src=\"https:\/\/sheilahughmackay.ca\/wp-content\/uploads\/2020\/11\/anna_torma_pedagogical_charts_1-284x360.jpg\" alt=\"\" width=\"284\" height=\"360\" srcset=\"https:\/\/sheilahughmackay.ca\/wp-content\/uploads\/2020\/11\/anna_torma_pedagogical_charts_1-284x360.jpg 284w, https:\/\/sheilahughmackay.ca\/wp-content\/uploads\/2020\/11\/anna_torma_pedagogical_charts_1.jpg 753w\" sizes=\"(max-width: 284px) 100vw, 284px\" \/><\/a><p id=\"caption-attachment-7186\" class=\"wp-caption-text\">Pedagogical Charts 1 (2016)<\/p><\/div>\n<div id=\"attachment_7181\" style=\"width: 283px\" class=\"wp-caption alignleft\"><a href=\"https:\/\/sheilahughmackay.ca\/wp-content\/uploads\/2020\/11\/anna_torma_pedagogical_charts_2.jpg\" target=\"_blank\" rel=\"noopener noreferrer\"><img aria-describedby=\"caption-attachment-7181\" loading=\"lazy\" class=\"wp-image-7181 size-medium\" src=\"https:\/\/sheilahughmackay.ca\/wp-content\/uploads\/2020\/11\/anna_torma_pedagogical_charts_2-273x360.jpg\" alt=\"\" width=\"273\" height=\"360\" srcset=\"https:\/\/sheilahughmackay.ca\/wp-content\/uploads\/2020\/11\/anna_torma_pedagogical_charts_2-273x360.jpg 273w, https:\/\/sheilahughmackay.ca\/wp-content\/uploads\/2020\/11\/anna_torma_pedagogical_charts_2.jpg 763w\" sizes=\"(max-width: 273px) 100vw, 273px\" \/><\/a><p id=\"caption-attachment-7181\" class=\"wp-caption-text\">Pedagogical Charts 2 (2016)<\/p><\/div>\n<\/div>\n<p><\/p>","protected":false},"excerpt":{"rendered":"<p>La Fondation Sheila Hugh MacKay a le plaisir d\u2019annoncer l\u2019octroi d\u2019une subvention de 20\u2009000\u00a0$ au Mus\u00e9e du textile du Canada, pour financer l\u2019exposition itin\u00e9rante nationale d\u2019Anna Torma, Permanent Danger, et la publication sur l\u2019\u0153uvre de l\u2019artiste. Cette subvention rend hommage \u00e0 la carri\u00e8re de Mme\u00a0Torma et souligne bien l\u2019importance du discours critique dans les arts<a href=\"https:\/\/sheilahughmackay.ca\/fr\/2020\/11\/20\/subvention-de-20000-au-musee-du-textile-du-canada\/\">[&#8230;]<\/a><\/p>\n","protected":false},"author":1,"featured_media":7180,"comment_status":"closed","ping_status":"closed","sticky":false,"template":"","format":"standard","meta":[],"categories":[25,18],"tags":[],"_links":{"self":[{"href":"https:\/\/sheilahughmackay.ca\/fr\/wp-json\/wp\/v2\/posts\/7179"}],"collection":[{"href":"https:\/\/sheilahughmackay.ca\/fr\/wp-json\/wp\/v2\/posts"}],"about":[{"href":"https:\/\/sheilahughmackay.ca\/fr\/wp-json\/wp\/v2\/types\/post"}],"author":[{"embeddable":true,"href":"https:\/\/sheilahughmackay.ca\/fr\/wp-json\/wp\/v2\/users\/1"}],"replies":[{"embeddable":true,"href":"https:\/\/sheilahughmackay.ca\/fr\/wp-json\/wp\/v2\/comments?post=7179"}],"version-history":[{"count":17,"href":"https:\/\/sheilahughmackay.ca\/fr\/wp-json\/wp\/v2\/posts\/7179\/revisions"}],"predecessor-version":[{"id":7201,"href":"https:\/\/sheilahughmackay.ca\/fr\/wp-json\/wp\/v2\/posts\/7179\/revisions\/7201"}],"wp:featuredmedia":[{"embeddable":true,"href":"https:\/\/sheilahughmackay.ca\/fr\/wp-json\/wp\/v2\/media\/7180"}],"wp:attachment":[{"href":"https:\/\/sheilahughmackay.ca\/fr\/wp-json\/wp\/v2\/media?parent=7179"}],"wp:term":[{"taxonomy":"category","embeddable":true,"href":"https:\/\/sheilahughmackay.ca\/fr\/wp-json\/wp\/v2\/categories?post=7179"},{"taxonomy":"post_tag","embeddable":true,"href":"https:\/\/sheilahughmackay.ca\/fr\/wp-json\/wp\/v2\/tags?post=7179"}],"curies":[{"name":"wp","href":"https:\/\/api.w.org\/{rel}","templated":true}]}}