{"id":7474,"date":"2021-10-08T09:13:03","date_gmt":"2021-10-08T12:13:03","guid":{"rendered":"https:\/\/sheilahughmackay.ca\/?p=7474"},"modified":"2021-10-08T09:51:46","modified_gmt":"2021-10-08T12:51:46","slug":"2021-mathieu-leger","status":"publish","type":"post","link":"https:\/\/sheilahughmackay.ca\/fr\/2021\/10\/08\/2021-mathieu-leger\/","title":{"rendered":"2021 Mathieu L\u00e9ger"},"content":{"rendered":"<p><div id=\"attachment_7492\" style=\"width: 470px\" class=\"wp-caption aligncenter\"><img aria-describedby=\"caption-attachment-7492\" loading=\"lazy\" class=\"wp-image-7492\" src=\"https:\/\/sheilahughmackay.ca\/wp-content\/uploads\/2021\/10\/MathieuLeger-360x332.jpg\" alt=\"Mathieu L\u00e9ger\" width=\"460\" height=\"424\" srcset=\"https:\/\/sheilahughmackay.ca\/wp-content\/uploads\/2021\/10\/MathieuLeger-360x332.jpg 360w, https:\/\/sheilahughmackay.ca\/wp-content\/uploads\/2021\/10\/MathieuLeger-768x708.jpg 768w, https:\/\/sheilahughmackay.ca\/wp-content\/uploads\/2021\/10\/MathieuLeger.jpg 1016w\" sizes=\"(max-width: 460px) 100vw, 460px\" \/><p id=\"caption-attachment-7492\" class=\"wp-caption-text\">Mathieu L\u00e9ger<\/p><\/div><\/p>\n<p>Depuis 1991, la Fondation Sheila Hugh Mackay pr\u00e9sente <a href=\"https:\/\/sheilahughmackay.ca\/fr\/les-prix\/la-prix-strathbutler\/\">le prix Strathbutler<\/a> pour honorer des artistes du Nouveau-Brunswick ayant atteint l\u2019excellence personnelle dans une discipline des arts visuels, en plus d\u2019avoir eu une influence marquante sur la vie culturelle de notre province. Sur la recommandation unanime d\u2019un jury professionnel et ind\u00e9pendant, l\u2019artiste interdisciplinaire Mathieu L\u00e9ger est le laur\u00e9at du prix Strathbutler 2021.<\/p>\n<p>Le jury a d\u00e9crit Mathieu L\u00e9ger comme un conceptualiste et un minimaliste de renomm\u00e9e internationale, dont les cr\u00e9ations et les interactions avec ses publics nombreux et vari\u00e9s invitent les gens \u00e0 une compr\u00e9hension plus pouss\u00e9e de l\u2019identit\u00e9 personnelle et collective. Il puise \u00e0 m\u00eame l\u2019histoire, la science et la po\u00e9tique son \u00e9laboration d\u2019une r\u00e9ponse inform\u00e9e et contemporaine aux voyages de la vie. M. L\u00e9ger a fait preuve de leadership au cours de d\u00e9cennies de collaboration avec IMAGO, l\u2019Association des groupes en arts visuels francophones (AGAVF), la Galerie Sans Nom, CARFAC Maritimes et le minist\u00e8re du Tourisme, du Patrimoine et de la Culture du Nouveau-Brunswick. La vaste port\u00e9e de sa pratique artistique ambulatoire, conjugu\u00e9e \u00e0 son engagement \u00e0 faire participer le public n\u00e9o-brunswickois \u00e0 l\u2019art de la cr\u00e9ation, a apport\u00e9 une contribution importante \u00e0 l\u2019\u00e9cosyst\u00e8me culturel de la province.<\/p>\n<p>La Fondation Sheila Hugh Mackay tient \u00e0 remercier les cinq membres du jury de 2021 pour leur \u00e9tude professionnelle de chacun des dossiers de candidature. Shannon Webb-Campbell, r\u00e9dactrice en chef de <em>Visual Art News<\/em>; Erik Edson, professeur \u00e0 l\u2019\u00c9cole des beaux-arts Pierre Lassonde de l\u2019Universit\u00e9 Mount Allison; Julie Forgues, directrice du D\u00e9partement des arts visuels de l\u2019Universit\u00e9 de Moncton; James Mullinger, r\u00e9dacteur en chef de <em>The Maritime\u00a0 Edit<\/em>; Thomas Smart, directeur g\u00e9n\u00e9ral de la Galerie d\u2019art Beaverbrook.<\/p>","protected":false},"excerpt":{"rendered":"<p>Depuis 1991, la Fondation Sheila Hugh Mackay pr\u00e9sente le prix Strathbutler pour honorer des artistes du Nouveau-Brunswick ayant atteint l\u2019excellence personnelle dans une discipline des arts visuels, en plus d\u2019avoir eu une influence marquante sur la vie culturelle de notre province. Sur la recommandation unanime d\u2019un jury professionnel et ind\u00e9pendant, l\u2019artiste interdisciplinaire Mathieu L\u00e9ger est<a href=\"https:\/\/sheilahughmackay.ca\/fr\/2021\/10\/08\/2021-mathieu-leger\/\">[&#8230;]<\/a><\/p>\n","protected":false},"author":1,"featured_media":7492,"comment_status":"closed","ping_status":"closed","sticky":false,"template":"","format":"standard","meta":[],"categories":[9,11,18,19],"tags":[],"_links":{"self":[{"href":"https:\/\/sheilahughmackay.ca\/fr\/wp-json\/wp\/v2\/posts\/7474"}],"collection":[{"href":"https:\/\/sheilahughmackay.ca\/fr\/wp-json\/wp\/v2\/posts"}],"about":[{"href":"https:\/\/sheilahughmackay.ca\/fr\/wp-json\/wp\/v2\/types\/post"}],"author":[{"embeddable":true,"href":"https:\/\/sheilahughmackay.ca\/fr\/wp-json\/wp\/v2\/users\/1"}],"replies":[{"embeddable":true,"href":"https:\/\/sheilahughmackay.ca\/fr\/wp-json\/wp\/v2\/comments?post=7474"}],"version-history":[{"count":9,"href":"https:\/\/sheilahughmackay.ca\/fr\/wp-json\/wp\/v2\/posts\/7474\/revisions"}],"predecessor-version":[{"id":7501,"href":"https:\/\/sheilahughmackay.ca\/fr\/wp-json\/wp\/v2\/posts\/7474\/revisions\/7501"}],"wp:featuredmedia":[{"embeddable":true,"href":"https:\/\/sheilahughmackay.ca\/fr\/wp-json\/wp\/v2\/media\/7492"}],"wp:attachment":[{"href":"https:\/\/sheilahughmackay.ca\/fr\/wp-json\/wp\/v2\/media?parent=7474"}],"wp:term":[{"taxonomy":"category","embeddable":true,"href":"https:\/\/sheilahughmackay.ca\/fr\/wp-json\/wp\/v2\/categories?post=7474"},{"taxonomy":"post_tag","embeddable":true,"href":"https:\/\/sheilahughmackay.ca\/fr\/wp-json\/wp\/v2\/tags?post=7474"}],"curies":[{"name":"wp","href":"https:\/\/api.w.org\/{rel}","templated":true}]}}