{"id":8281,"date":"2025-03-21T12:28:15","date_gmt":"2025-03-21T15:28:15","guid":{"rendered":"https:\/\/sheilahughmackay.ca\/?p=8281"},"modified":"2025-03-21T12:28:15","modified_gmt":"2025-03-21T15:28:15","slug":"2025-fred-ross-scholarship-announcement","status":"publish","type":"post","link":"https:\/\/sheilahughmackay.ca\/fr\/2025\/03\/21\/annonce-fshm-bourse-detudes-fred-ross-2025\/","title":{"rendered":"Annonce : FSHM Bourse d\u2019\u00e9tudes Fred Ross 2025"},"content":{"rendered":"<p><img loading=\"lazy\" class=\"alignnone size-medium wp-image-8283 aligncenter\" src=\"https:\/\/sheilahughmackay.ca\/wp-content\/uploads\/2025\/03\/taylor-young-270x360.jpeg\" alt=\"Taylor Young\" width=\"270\" height=\"360\" srcset=\"https:\/\/sheilahughmackay.ca\/wp-content\/uploads\/2025\/03\/taylor-young-270x360.jpeg 270w, https:\/\/sheilahughmackay.ca\/wp-content\/uploads\/2025\/03\/taylor-young-768x1024.jpeg 768w, https:\/\/sheilahughmackay.ca\/wp-content\/uploads\/2025\/03\/taylor-young-1152x1536.jpeg 1152w, https:\/\/sheilahughmackay.ca\/wp-content\/uploads\/2025\/03\/taylor-young-1536x2048.jpeg 1536w, https:\/\/sheilahughmackay.ca\/wp-content\/uploads\/2025\/03\/taylor-young.jpeg 1849w\" sizes=\"(max-width: 270px) 100vw, 270px\" \/><\/p>\n<p>La Fondation Sheila Hugh Mackay est heureuse d\u2019announcer que <strong>Taylor Avery Young<\/strong> est la laur\u00e9ate de <a href=\"https:\/\/sheilahughmackay.ca\/fr\/programme-de-bourses\/bourse-fred-ross\/\">la bourse d&#8217;\u00e9tudes Fred Ross<\/a> 2025. Cette bourse renouvelable, actuellement \u00e9valu\u00e9e \u00e0 10 000 $, est remis chaque ann\u00e9e \u00e0 un \u00e9l\u00e8ve dipl\u00f4m\u00e9 d\u2019une \u00e9cole secondaire du Nouveau-Brunswick pour appuyer l\u2019enseignement postsecondaire en arts visuels. La bourse est un investissement dans la jeunesse et constitue un hommage durable \u00e0 l\u2019artiste et mentor bien-aim\u00e9, Fred Ross.<\/p>\n<p>Mme Young, dipl\u00f4m\u00e9e de l\u2019\u00e9cole secondaire de Saint John en juin, a \u00e9t\u00e9 accept\u00e9e dans le programme BFA \u00e0 l\u2019Universit\u00e9 Mount Allison.<\/p>","protected":false},"excerpt":{"rendered":"<p>La Fondation Sheila Hugh Mackay est heureuse d\u2019announcer que Taylor Avery Young est la laur\u00e9ate de la bourse d&#8217;\u00e9tudes Fred Ross 2025. Cette bourse renouvelable, actuellement \u00e9valu\u00e9e \u00e0 10 000 $, est remis chaque ann\u00e9e \u00e0 un \u00e9l\u00e8ve dipl\u00f4m\u00e9 d\u2019une \u00e9cole secondaire du Nouveau-Brunswick pour appuyer l\u2019enseignement postsecondaire en arts visuels. La bourse est un<a href=\"https:\/\/sheilahughmackay.ca\/fr\/2025\/03\/21\/annonce-fshm-bourse-detudes-fred-ross-2025\/\">[&#8230;]<\/a><\/p>\n","protected":false},"author":1,"featured_media":8283,"comment_status":"closed","ping_status":"closed","sticky":false,"template":"","format":"standard","meta":[],"categories":[69,18,19],"tags":[],"_links":{"self":[{"href":"https:\/\/sheilahughmackay.ca\/fr\/wp-json\/wp\/v2\/posts\/8281"}],"collection":[{"href":"https:\/\/sheilahughmackay.ca\/fr\/wp-json\/wp\/v2\/posts"}],"about":[{"href":"https:\/\/sheilahughmackay.ca\/fr\/wp-json\/wp\/v2\/types\/post"}],"author":[{"embeddable":true,"href":"https:\/\/sheilahughmackay.ca\/fr\/wp-json\/wp\/v2\/users\/1"}],"replies":[{"embeddable":true,"href":"https:\/\/sheilahughmackay.ca\/fr\/wp-json\/wp\/v2\/comments?post=8281"}],"version-history":[{"count":1,"href":"https:\/\/sheilahughmackay.ca\/fr\/wp-json\/wp\/v2\/posts\/8281\/revisions"}],"predecessor-version":[{"id":8284,"href":"https:\/\/sheilahughmackay.ca\/fr\/wp-json\/wp\/v2\/posts\/8281\/revisions\/8284"}],"wp:featuredmedia":[{"embeddable":true,"href":"https:\/\/sheilahughmackay.ca\/fr\/wp-json\/wp\/v2\/media\/8283"}],"wp:attachment":[{"href":"https:\/\/sheilahughmackay.ca\/fr\/wp-json\/wp\/v2\/media?parent=8281"}],"wp:term":[{"taxonomy":"category","embeddable":true,"href":"https:\/\/sheilahughmackay.ca\/fr\/wp-json\/wp\/v2\/categories?post=8281"},{"taxonomy":"post_tag","embeddable":true,"href":"https:\/\/sheilahughmackay.ca\/fr\/wp-json\/wp\/v2\/tags?post=8281"}],"curies":[{"name":"wp","href":"https:\/\/api.w.org\/{rel}","templated":true}]}}