{"id":8399,"date":"2026-03-03T15:07:34","date_gmt":"2026-03-03T19:07:34","guid":{"rendered":"https:\/\/sheilahughmackay.ca\/?p=8399"},"modified":"2026-03-03T15:31:49","modified_gmt":"2026-03-03T19:31:49","slug":"jim-boyd-awarded-the-2026-sheila-hugh-mackay-international-creative-residency","status":"publish","type":"post","link":"https:\/\/sheilahughmackay.ca\/fr\/2026\/03\/03\/jim-boyd-recoit-la-residence-internationale-de-la-fondation-sheila-hugh-mackay-pour-la-creativite-2026\/","title":{"rendered":"Jim Boyd re\u00e7oit la R\u00e9sidence internationale de la Fondation Sheila Hugh Mackay pour la cr\u00e9ativit\u00e9 2026"},"content":{"rendered":"<p><div id=\"attachment_8400\" style=\"width: 280px\" class=\"wp-caption alignright\"><img aria-describedby=\"caption-attachment-8400\" loading=\"lazy\" class=\"size-medium wp-image-8400\" src=\"https:\/\/sheilahughmackay.ca\/wp-content\/uploads\/2026\/03\/Jim-Boyd-270x360.jpeg\" alt=\"Jim Boyd\" width=\"270\" height=\"360\" srcset=\"https:\/\/sheilahughmackay.ca\/wp-content\/uploads\/2026\/03\/Jim-Boyd-270x360.jpeg 270w, https:\/\/sheilahughmackay.ca\/wp-content\/uploads\/2026\/03\/Jim-Boyd-768x1024.jpeg 768w, https:\/\/sheilahughmackay.ca\/wp-content\/uploads\/2026\/03\/Jim-Boyd-1152x1536.jpeg 1152w, https:\/\/sheilahughmackay.ca\/wp-content\/uploads\/2026\/03\/Jim-Boyd-1536x2048.jpeg 1536w, https:\/\/sheilahughmackay.ca\/wp-content\/uploads\/2026\/03\/Jim-Boyd-scaled.jpeg 1920w\" sizes=\"(max-width: 270px) 100vw, 270px\" \/><p id=\"caption-attachment-8400\" class=\"wp-caption-text\">Jim Boyd<\/p><\/div><\/p>\n<p>Le sculpteur <strong>Jim Boyd<\/strong> a \u00e9t\u00e9 s\u00e9lectionn\u00e9 pour recevoir <a href=\"https:\/\/sheilahughmackay.ca\/fr\/programme-de-bourses\/residence-internationale-de-la-fondation-sheila-hugh-mackay-pour-la-creativite\/\">la r\u00e9sidence internationale<\/a> de 10 000 $ de la FSHM. M. Boyd fait partie des huit artistes choisis pour un programme de r\u00e9sidence internationale de six semaines au Buffalo Creek Art Centre, au Nevada. Cette r\u00e9sidence offre une occasion unique de combiner l\u2019acier soud\u00e9 et fa\u00e7onn\u00e9 avec la pierre glaciaire, afin de cr\u00e9er une sculpture par laquelle M. Boyd exprime ses r\u00e9flexions sur les th\u00e8mes de la migration et du mouvement.<\/p>\n<p>Les principales sculptures de Jim Boyd au Nouveau-Brunswick, situ\u00e9es \u00e0 Saint John, Hampton, Deer Island, St. George, Oromocto et Grand Bay-Westfield, sont des \u00e9l\u00e9ments patrimoniaux appr\u00e9ci\u00e9s par leurs communaut\u00e9s. Artiste et \u00e9ducateur de premier plan lors du Symposium international de sculpture du Nouveau-Brunswick (2012\u20132022), M. Boyd a auparavant re\u00e7u le mentorat Margaret Woodson Nae, collaborant avec le sculpteur europ\u00e9en Rob Good et r\u00e9alisant une sculpture embl\u00e9matique en Norv\u00e8ge.<\/p>\n<p>Le programme de r\u00e9sidence internationale de la FSHM fait partie du programme annuel de soutien par jury de la fondation, visant \u00e0 approfondir les pratiques cr\u00e9atives des artistes du Nouveau-Brunswick.<\/p>","protected":false},"excerpt":{"rendered":"<p>Le sculpteur Jim Boyd a \u00e9t\u00e9 s\u00e9lectionn\u00e9 pour recevoir la r\u00e9sidence internationale de 10 000 $ de la FSHM. M. Boyd fait partie des huit artistes choisis pour un programme de r\u00e9sidence internationale de six semaines au Buffalo Creek Art Centre, au Nevada. Cette r\u00e9sidence offre une occasion unique de combiner l\u2019acier soud\u00e9 et fa\u00e7onn\u00e9<a href=\"https:\/\/sheilahughmackay.ca\/fr\/2026\/03\/03\/jim-boyd-recoit-la-residence-internationale-de-la-fondation-sheila-hugh-mackay-pour-la-creativite-2026\/\">[&#8230;]<\/a><\/p>\n","protected":false},"author":1,"featured_media":8400,"comment_status":"closed","ping_status":"closed","sticky":false,"template":"","format":"standard","meta":[],"categories":[69,18,19],"tags":[],"_links":{"self":[{"href":"https:\/\/sheilahughmackay.ca\/fr\/wp-json\/wp\/v2\/posts\/8399"}],"collection":[{"href":"https:\/\/sheilahughmackay.ca\/fr\/wp-json\/wp\/v2\/posts"}],"about":[{"href":"https:\/\/sheilahughmackay.ca\/fr\/wp-json\/wp\/v2\/types\/post"}],"author":[{"embeddable":true,"href":"https:\/\/sheilahughmackay.ca\/fr\/wp-json\/wp\/v2\/users\/1"}],"replies":[{"embeddable":true,"href":"https:\/\/sheilahughmackay.ca\/fr\/wp-json\/wp\/v2\/comments?post=8399"}],"version-history":[{"count":1,"href":"https:\/\/sheilahughmackay.ca\/fr\/wp-json\/wp\/v2\/posts\/8399\/revisions"}],"predecessor-version":[{"id":8401,"href":"https:\/\/sheilahughmackay.ca\/fr\/wp-json\/wp\/v2\/posts\/8399\/revisions\/8401"}],"wp:featuredmedia":[{"embeddable":true,"href":"https:\/\/sheilahughmackay.ca\/fr\/wp-json\/wp\/v2\/media\/8400"}],"wp:attachment":[{"href":"https:\/\/sheilahughmackay.ca\/fr\/wp-json\/wp\/v2\/media?parent=8399"}],"wp:term":[{"taxonomy":"category","embeddable":true,"href":"https:\/\/sheilahughmackay.ca\/fr\/wp-json\/wp\/v2\/categories?post=8399"},{"taxonomy":"post_tag","embeddable":true,"href":"https:\/\/sheilahughmackay.ca\/fr\/wp-json\/wp\/v2\/tags?post=8399"}],"curies":[{"name":"wp","href":"https:\/\/api.w.org\/{rel}","templated":true}]}}