{"id":8437,"date":"2026-09-04T12:48:28","date_gmt":"2026-09-04T15:48:28","guid":{"rendered":"https:\/\/sheilahughmackay.ca\/?p=8437"},"modified":"2026-09-04T12:48:28","modified_gmt":"2026-09-04T15:48:28","slug":"saint-john-arts-centre-launches-retrospective-exhibition-of-work-by-strathbutler-artist-paul-mathieson","status":"publish","type":"post","link":"https:\/\/sheilahughmackay.ca\/fr\/2026\/09\/04\/saint-john-arts-centre-presente-une-exposition-retrospective-consacree-a-loeuvre-de-lartiste-strathbutler-paul-mathieson\/","title":{"rendered":"Saint John Arts Centre pr\u00e9sente une exposition r\u00e9trospective consacr\u00e9e \u00e0 l\u2019\u0153uvre de l\u2019artiste Strathbutler Paul Mathieson"},"content":{"rendered":"<p><img loading=\"lazy\" decoding=\"async\" class=\"aligncenter wp-image-8438\" src=\"https:\/\/sheilahughmackay.ca\/wp-content\/uploads\/2026\/09\/Wilson-portrait-web-360x240.jpg\" alt=\"\" width=\"500\" height=\"333\" srcset=\"https:\/\/sheilahughmackay.ca\/wp-content\/uploads\/2026\/09\/Wilson-portrait-web-360x240.jpg 360w, https:\/\/sheilahughmackay.ca\/wp-content\/uploads\/2026\/09\/Wilson-portrait-web-1024x683.jpg 1024w, https:\/\/sheilahughmackay.ca\/wp-content\/uploads\/2026\/09\/Wilson-portrait-web-768x512.jpg 768w, https:\/\/sheilahughmackay.ca\/wp-content\/uploads\/2026\/09\/Wilson-portrait-web-750x500.jpg 750w, https:\/\/sheilahughmackay.ca\/wp-content\/uploads\/2026\/09\/Wilson-portrait-web.jpg 1440w\" sizes=\"auto, (max-width: 500px) 100vw, 500px\" \/><\/p>\n<p>\u00c0 l\u2019occasion du lancement de la publication <em>Notes for an Artist: The Narrative Paintings of Paul Mathieson<\/em>, le Saint John Arts Centre pr\u00e9sente une importante exposition r\u00e9trospective consacr\u00e9e \u00e0 l\u2019\u0153uvre picturale de Paul Mathieson. Mathieson a re\u00e7u le prix <a href=\"https:\/\/sheilahughmackay.ca\/fr\/les-prix\/la-prix-strathbutler\/\">Strathbutler<\/a> en 2015 en reconnaissance de sa contribution exceptionnelle et multiforme au tissu culturel du Nouveau-Brunswick.<\/p>\n<p>Cette exposition met en lumi\u00e8re des \u0153uvres embl\u00e9matiques d\u2019un artiste dont les images provocantes t\u00e9moignent de la vie contemporaine dans notre r\u00e9gion, tout en r\u00e9v\u00e9lant plus profond\u00e9ment des pr\u00e9occupations universelles li\u00e9es \u00e0 la condition humaine.<\/p>\n<p><em>The Narrative Paintings of Paul Mathieson: A 40-Year Retrospective<\/em> occupera les galeries du <a href=\"https:\/\/sjartscentre.ca\/\" target=\"_blank\" rel=\"noopener\">Saint John Arts Centre<\/a> du 4 septembre au 23 octobre.<\/p>\n<p>La Fondation Sheila Hugh Mackay adresse ses chaleureuses f\u00e9licitations \u00e0 Paul Mathieson et lui t\u00e9moigne sa profonde estime pour cette voix artistique importante.<\/p>","protected":false},"excerpt":{"rendered":"<p>\u00c0 l\u2019occasion du lancement de la publication Notes for an Artist: The Narrative Paintings of Paul Mathieson, le Saint John Arts Centre pr\u00e9sente une importante exposition r\u00e9trospective consacr\u00e9e \u00e0 l\u2019\u0153uvre picturale de Paul Mathieson. Mathieson a re\u00e7u le prix Strathbutler en 2015 en reconnaissance de sa contribution exceptionnelle et multiforme au tissu culturel du Nouveau-Brunswick.<a href=\"https:\/\/sheilahughmackay.ca\/fr\/2026\/09\/04\/saint-john-arts-centre-presente-une-exposition-retrospective-consacree-a-loeuvre-de-lartiste-strathbutler-paul-mathieson\/\">[&#8230;]<\/a><\/p>\n","protected":false},"author":1,"featured_media":8438,"comment_status":"closed","ping_status":"closed","sticky":false,"template":"","format":"standard","meta":{"footnotes":""},"categories":[69,18,19],"tags":[],"class_list":["post-8437","post","type-post","status-publish","format-standard","has-post-thumbnail","hentry","category-in-the-news","category-news","category-newsroom"],"_links":{"self":[{"href":"https:\/\/sheilahughmackay.ca\/fr\/wp-json\/wp\/v2\/posts\/8437","targetHints":{"allow":["GET"]}}],"collection":[{"href":"https:\/\/sheilahughmackay.ca\/fr\/wp-json\/wp\/v2\/posts"}],"about":[{"href":"https:\/\/sheilahughmackay.ca\/fr\/wp-json\/wp\/v2\/types\/post"}],"author":[{"embeddable":true,"href":"https:\/\/sheilahughmackay.ca\/fr\/wp-json\/wp\/v2\/users\/1"}],"replies":[{"embeddable":true,"href":"https:\/\/sheilahughmackay.ca\/fr\/wp-json\/wp\/v2\/comments?post=8437"}],"version-history":[{"count":1,"href":"https:\/\/sheilahughmackay.ca\/fr\/wp-json\/wp\/v2\/posts\/8437\/revisions"}],"predecessor-version":[{"id":8439,"href":"https:\/\/sheilahughmackay.ca\/fr\/wp-json\/wp\/v2\/posts\/8437\/revisions\/8439"}],"wp:featuredmedia":[{"embeddable":true,"href":"https:\/\/sheilahughmackay.ca\/fr\/wp-json\/wp\/v2\/media\/8438"}],"wp:attachment":[{"href":"https:\/\/sheilahughmackay.ca\/fr\/wp-json\/wp\/v2\/media?parent=8437"}],"wp:term":[{"taxonomy":"category","embeddable":true,"href":"https:\/\/sheilahughmackay.ca\/fr\/wp-json\/wp\/v2\/categories?post=8437"},{"taxonomy":"post_tag","embeddable":true,"href":"https:\/\/sheilahughmackay.ca\/fr\/wp-json\/wp\/v2\/tags?post=8437"}],"curies":[{"name":"wp","href":"https:\/\/api.w.org\/{rel}","templated":true}]}}