{"id":99,"date":"2010-12-06T13:18:18","date_gmt":"2010-12-06T17:18:18","guid":{"rendered":"http:\/\/sheilahughmackay.com\/shmf\/?p=99"},"modified":"2016-03-29T13:49:11","modified_gmt":"2016-03-29T16:49:11","slug":"1995-nel-oudemans","status":"publish","type":"post","link":"https:\/\/sheilahughmackay.ca\/fr\/2010\/12\/06\/1995-nel-oudemans\/","title":{"rendered":"1995 Nel Oudemans"},"content":{"rendered":"<p><div style=\"width: 310px\" class=\"wp-caption aligncenter\"><img src=\"http:\/\/sheilahughmackay.ca\/\/wp-content\/uploads\/2015\/07\/oudemans-port-bw1-e1437074375630.jpg\" alt=\"Portrait of Nel Oudemans, Strathbutler Award 1995\" width=\"300\" class=\"size-full wp-image-3563\" \/><p class=\"wp-caption-text\">Portrait de Nel Oudemans, Strathbutler 1995 <a class=\"props\" href=\"http:\/\/sheilahughmackay.ca\/\/fr\/?p=437\">(photo &#8211; James Wilson)<\/a><\/p><\/div><\/p>\n<h4 >&#8230; vouait aux formes circulaires illustre bien la pr\u00e9cision absolue dont elle faisait preuve pour une tension homog\u00e8ne &#8230;<\/h4>\n<p>Ayant re\u00e7u une formation en techniques de tissage traditionnelles en Norv\u00e8ge et en Su\u00e8de, M<sup>me<\/sup> Oudemans a apport\u00e9 une riche connaissance en mod\u00e8les et en techniques, ainsi que son patrimoine culturel, en immigrant au Canada. Ses tapisseries vont du style norv\u00e9gien classique aux explorations de couleurs et de formes. La fascination qu\u2019elle vouait aux formes circulaires illustre bien la pr\u00e9cision absolue dont elle faisait preuve pour une tension homog\u00e8ne.<\/p>\n<p>Elle quittait la Hollande occup\u00e9e en 1947 et s\u2019installait un studio dans sa r\u00e9sidence de Fredericton tout en \u00e9levant ses trois enfants. Elle a consacr\u00e9 le reste de sa vie \u00e0 rechercher l\u2019excellence dans son art. Leader dans les mouvements artisanaux des ann\u00e9es 70, M<sup>me <\/sup>Oudemans a aid\u00e9 \u00e0 organiser des ateliers, des expositions, et de grandes ventes en produits artisanaux. Elle a \u00e9t\u00e9 membre fondateur de Fredericton Design Weavers, ce qui a raviv\u00e9 l\u2019int\u00e9r\u00eat pour ce type d\u2019art. Elle a \u00e9t\u00e9 une professeure c\u00e9l\u00e8bre \u00e0 l\u2019\u00c9cole d\u2019artisanat du Nouveau-Brunswick, et elle a inspir\u00e9 des g\u00e9n\u00e9rations en art textile. En plus du prix Strathbutler, M<sup>me<\/sup> Oudemans a re\u00e7u le prix Kjeld et Erica Deichmann pour l\u2019excellence de son \u0153uvre.<\/p>\n<ul class=\"bio-links\">\n<li>Nel Blink Oudemans &#8211; <a href=\"http:\/\/sheilahughmackay.ca\/\/fr\/les-prix\/la-prix-nel-oudemans\/nel-blink-oudemans-1918-2002\/\">biographie<\/a><\/li>\n<li>Une <a href=\"http:\/\/sheilahughmackay.ca\/\/fr\/?p=3558\">galerie de l\u2019\u0153uvre<\/a> de Nel Oudemans<\/li>\n<li class=\"updates\">Tous les postes sur <a title=\"Pour tous les postes sur cet artiste\" href=\"http:\/\/sheilahughmackay.ca\/\/fr\/category\/artists\/nel-oudemans\/\">Nel Oudemans<\/a><\/li>\n<li class=\"artist-site\"><\/li>\n<\/ul>\n<p>En 2002, Sheila Mackay instaurait la bourse d\u2019\u00e9tudes Nel Oudemans au New Brunswick College of Craft and Design en vue de reconna\u00eetre l\u2019extraordinaire contribution que Nel Oudemans avait apport\u00e9e aux arts appliqu\u00e9s au Nouveau-Brunswick et au Canada. Cette marque de respect souligne la longue association de M<sup>me<\/sup> Oudemans avec le NBCCD et l\u2019effet r\u00e9sonant que cela a eu sur l\u2019\u00e9ducation artistique au Nouveau- Brunswick.<\/p>\n<h4 class=\"h4_words\">Dans les mots de l&#8217;artiste<\/h4>\n<blockquote><p>Lorsque je tisse, j &#8216;explore. Mon objectif est de parvenir \u00e0 une harmonie de couleurs et de motifs. Les textiles que je cr\u00e9e refletent mon \u00e9tat d&#8217;esprit.<\/p>\n<p>Je suis influence\u00e9 par les nombreux \u00e9l\u00e9ments qui suscitent mon int\u00e9r\u00eat : les diverses cultures et leurs techniques de tissage, les saisons et mon environnement. Je peux \u00eatre influence\u00e9 par le monde haut en couleur des tisseurs mexicains ou par le son du vent qui souffle pendant une temp\u00eate en novembre. Les nombreux cours et ateliers que j&#8217;ai suivis, ainsi que mon travail avec des tisserands de divers pays, m&#8217;ont ouvert l&#8217;esprit a des possibilit\u00e9s illimite\u00e9s de cr\u00e9ation d&#8217;artic1es tisss\u00e9.<\/p>\n<p>Bien que je sois n\u00e9e aux Pays-Bas, j\u2019ai d\u00e9couvert le tissage en Scandinavie. Le style et la technique de tissage scandinaves m&#8217;ont attir\u00e9e et constituent le fondement de ma technique de tissage. Les femmes de ces pays utilisent depuis des siecles les couleurs et les techniques traditionnelles du Nord pour exprimer leur culture, leur patrimoine et leur milieu. Elles travaillent au rythme des saisons. Elles tondent les moutons au printemps, cueillent les plantes qui serviront \u00e0 la teinture \u00e0 l\u2019\u00e9t\u00e9 et a \u00e0 I&#8217;autornne et effectuent la plus grande partie de leur tissage pendant l&#8217;hiver, alors que la clart\u00e9 du jour ne dure que quelques heures.<\/p>\n<p>Ces anciennes techniques m&#8217;int\u00e9ressent. D&#8217;ailleurs, je ne cherche pas \u00e0 innover, mais \u00e0 explorer. J&#8217;explore les techniques et les traditions de diverses cultures afin d&#8217;exprimer mes propres exp\u00e9riences par I&#8217; entrernise des textiles.<\/p><\/blockquote>\n<p><\/p>","protected":false},"excerpt":{"rendered":"<p class=\"qtranxs-available-languages-message qtranxs-available-languages-message-fr\">D\u00e9sol\u00e9, cet article est seulement disponible en <a href=\"https:\/\/sheilahughmackay.ca\/en\/wp-json\/wp\/v2\/posts\/99\" class=\"qtranxs-available-language-link qtranxs-available-language-link-en\" title=\"English\">Anglais Am\u00e9ricain<\/a>.<\/p>\n","protected":false},"author":1,"featured_media":0,"comment_status":"closed","ping_status":"closed","sticky":false,"template":"","format":"standard","meta":[],"categories":[8,9,78,39,40],"tags":[90,93,146,153],"_links":{"self":[{"href":"https:\/\/sheilahughmackay.ca\/fr\/wp-json\/wp\/v2\/posts\/99"}],"collection":[{"href":"https:\/\/sheilahughmackay.ca\/fr\/wp-json\/wp\/v2\/posts"}],"about":[{"href":"https:\/\/sheilahughmackay.ca\/fr\/wp-json\/wp\/v2\/types\/post"}],"author":[{"embeddable":true,"href":"https:\/\/sheilahughmackay.ca\/fr\/wp-json\/wp\/v2\/users\/1"}],"replies":[{"embeddable":true,"href":"https:\/\/sheilahughmackay.ca\/fr\/wp-json\/wp\/v2\/comments?post=99"}],"version-history":[{"count":5,"href":"https:\/\/sheilahughmackay.ca\/fr\/wp-json\/wp\/v2\/posts\/99\/revisions"}],"predecessor-version":[{"id":4982,"href":"https:\/\/sheilahughmackay.ca\/fr\/wp-json\/wp\/v2\/posts\/99\/revisions\/4982"}],"wp:attachment":[{"href":"https:\/\/sheilahughmackay.ca\/fr\/wp-json\/wp\/v2\/media?parent=99"}],"wp:term":[{"taxonomy":"category","embeddable":true,"href":"https:\/\/sheilahughmackay.ca\/fr\/wp-json\/wp\/v2\/categories?post=99"},{"taxonomy":"post_tag","embeddable":true,"href":"https:\/\/sheilahughmackay.ca\/fr\/wp-json\/wp\/v2\/tags?post=99"}],"curies":[{"name":"wp","href":"https:\/\/api.w.org\/{rel}","templated":true}]}}